{"id":1997,"date":"2018-10-20T22:45:51","date_gmt":"2018-10-20T15:45:51","guid":{"rendered":"https:\/\/www.freelang.com\/blog\/?p=1997"},"modified":"2018-10-20T22:48:15","modified_gmt":"2018-10-20T15:48:15","slug":"de-la-glottophobie","status":"publish","type":"post","link":"https:\/\/www.freelang.com\/blog\/de-la-glottophobie,2018-10\/","title":{"rendered":"De la glottophobie"},"content":{"rendered":"<p align=justify>Suite aux propos de Jean-Luc M\u00e9lenchon se moquant de l&#8217;accent d&#8217;une journaliste toulousaine (il a imit\u00e9 son accent puis demand\u00e9 si quelqu&#8217;un d&#8217;autre avait &#8220;une question \u00e0 lui poser en fran\u00e7ais&#8221;), la d\u00e9put\u00e9e LREM Laetitia Avia a propos\u00e9 de l\u00e9gif\u00e9rer pour lutter contre la &#8220;glottophobie&#8221;, cette discrimination \u00e0 caract\u00e8re linguistique reposant sur l&#8217;accent d&#8217;une personne, et qui ne figure pas parmi les 24 cas de discrimination pr\u00e9vus par l&#8217;article 225-1 du code p\u00e9nal. Cette loi permettrait, selon Mme Avia, d&#8217;interdire l&#8217;humilation d&#8217;une personne ou le refus de l&#8217;embaucher en raison de son accent, qu&#8217;il soit &#8220;mosellan, ch&#8217;ti, du sud, parisien ou banlieusard&#8221;.<\/p>\n<p align=justify>Cette anecdote a eu le m\u00e9rite de faire parler des accents r\u00e9gionaux, qui sont \u00e0 la fois synonymes d&#8217;identit\u00e9, et facteurs d&#8217;exclusion. Selon les sociolinguistes, les accents r\u00e9gionaux ont longtemps \u00e9t\u00e9 associ\u00e9s \u00e0 la ruralit\u00e9, et une \u00e9tude a montr\u00e9 que l&#8217;accent pouvait \u00eatre un crit\u00e8re de refus d&#8217;embauche. Il fut longtemps consid\u00e9r\u00e9 qu&#8217;avoir un accent \u00e9tait un handicap pour des m\u00e9tiers o\u00f9 la parole a une importance : t\u00e9l\u00e9vision, monde du spectacle, enseignement&#8230; Le fran\u00e7ais devait \u00eatre uniforme, avec une prononciation standard qui \u00e9tait la &#8220;bonne prononciation&#8221;.<\/p>\n<p align=justify>Faut-il pour autant l\u00e9gif\u00e9rer, alors qu&#8217;il suffirait de laisser un peu plus de place aux accents et de les valoriser&nbsp;? Et peut-on mettre sur le m\u00eame plan les accents r\u00e9gionaux et les accents sociaux&nbsp;? Le fameux accent des banlieues, accent avant tout social et identitaire, est un moyen d&#8217;affirmer son appartenance \u00e0 un groupe. Il est cependant mal per\u00e7u sorti des cit\u00e9s, au point que certains organismes d&#8217;accompagnement vers l&#8217;emploi aident les jeunes \u00e0 se d\u00e9barrasser de cet accent en vue de pouvoir passer des entretiens d&#8217;embauche.<\/p>\n<p align=justify>Il y a donc une hi\u00e9rarchie. Pour le sociolinguiste Philippe Blanchet, inventeur du terme &#8220;glottophobie&#8221;, l&#8217;accent du Midi est en haut de l&#8217;\u00e9chelle&nbsp;: &#8220;C&#8217;est celui qui p\u00e9nalise le moins car on lui attribue des bons c\u00f4t\u00e9s&nbsp;: c&#8217;est l&#8217;accent du soleil, l&#8217;accent des vacances. Ensuite, vous avez l&#8217;accent breton, alsacien, chti&#8230; Et tout en bas, l&#8217;accent des banlieues&nbsp;: le plus discriminant.&#8221; Mais apr\u00e8s tout, comme le disait Fernandel&#8230;<\/p>\n<blockquote><p>De l&#8217;accent! De l&#8217;accent! Mais apr\u00e8s tout en-ai-je?<br \/>\nPourquoi cette faveur? Pourquoi ce privil\u00e8ge?<br \/>\nEt si je vous disais \u00e0 mon tour, gens du Nord,<br \/>\nQue c&#8217;est vous qui pour nous semblez l&#8217;avoir tr\u00e8s fort<br \/>\nQue nous disons de vous, du Rh\u00f4ne \u00e0 la Gironde,<br \/>\n&#8220;Ces gens l\u00e0 n&#8217;ont pas le parler de tout le monde!&#8221;<br \/>\nEt que, tout d\u00e9pendant de la fa\u00e7on de voir,<br \/>\nNe pas avoir l&#8217;accent, pour nous, c&#8217;est en avoir&#8230;<\/p><\/blockquote>\n","protected":false},"excerpt":{"rendered":"<p>Suite aux propos de Jean-Luc M\u00e9lenchon se moquant de l&#8217;accent d&#8217;une journaliste toulousaine (il a imit\u00e9 son accent puis demand\u00e9 si quelqu&#8217;un d&#8217;autre avait &#8220;une question \u00e0 lui poser en &hellip; <\/p>\n","protected":false},"author":4,"featured_media":1998,"comment_status":"open","ping_status":"open","sticky":false,"template":"","format":"standard","meta":[],"categories":[5],"tags":[],"_links":{"self":[{"href":"https:\/\/www.freelang.com\/blog\/wp-json\/wp\/v2\/posts\/1997"}],"collection":[{"href":"https:\/\/www.freelang.com\/blog\/wp-json\/wp\/v2\/posts"}],"about":[{"href":"https:\/\/www.freelang.com\/blog\/wp-json\/wp\/v2\/types\/post"}],"author":[{"embeddable":true,"href":"https:\/\/www.freelang.com\/blog\/wp-json\/wp\/v2\/users\/4"}],"replies":[{"embeddable":true,"href":"https:\/\/www.freelang.com\/blog\/wp-json\/wp\/v2\/comments?post=1997"}],"version-history":[{"count":3,"href":"https:\/\/www.freelang.com\/blog\/wp-json\/wp\/v2\/posts\/1997\/revisions"}],"predecessor-version":[{"id":2001,"href":"https:\/\/www.freelang.com\/blog\/wp-json\/wp\/v2\/posts\/1997\/revisions\/2001"}],"wp:featuredmedia":[{"embeddable":true,"href":"https:\/\/www.freelang.com\/blog\/wp-json\/wp\/v2\/media\/1998"}],"wp:attachment":[{"href":"https:\/\/www.freelang.com\/blog\/wp-json\/wp\/v2\/media?parent=1997"}],"wp:term":[{"taxonomy":"category","embeddable":true,"href":"https:\/\/www.freelang.com\/blog\/wp-json\/wp\/v2\/categories?post=1997"},{"taxonomy":"post_tag","embeddable":true,"href":"https:\/\/www.freelang.com\/blog\/wp-json\/wp\/v2\/tags?post=1997"}],"curies":[{"name":"wp","href":"https:\/\/api.w.org\/{rel}","templated":true}]}}